{"id":814,"date":"2012-07-17T14:31:07","date_gmt":"2012-07-17T11:31:07","guid":{"rendered":"http:\/\/www.ekek.ee\/?p=814"},"modified":"2012-07-18T00:02:37","modified_gmt":"2012-07-17T21:02:37","slug":"ekek-suvelaager-2012","status":"publish","type":"post","link":"https:\/\/www.ekek.ee\/?p=814","title":{"rendered":"EKEK suvelaager 2012"},"content":{"rendered":"<p>EKEK suvelaager toimub 20.-22. juulil Uulu laagrikeskuses.<\/p>\n<p>Kaasa v\u00f5tta Piibel, kauss ja kruus ning nuga-kahvel-lusikas, magamiskott v\u00f5i voodilinad (tekk ja padi on k\u00e4mpingus olemas). Laagrist osav\u00f5tu tasu on 15 EUR, mille v\u00f5ib tasuda registreerumisel v\u00f5i laagris kohapeal, lapsed alla 14 aasta tasuta. Osalemise soovist anna teada Regyta Eristele (tel 56 611 813; e-post: regyta(\u00e4t) ekek.ee) v\u00f5i Rutti Proosale (tel 55 642 679).<\/p>\n<p>Kohtumiseni Uulus!<\/p>\n","protected":false},"excerpt":{"rendered":"<p>EKEK suvelaager toimub 20.-22. juulil Uulu laagrikeskuses. Kaasa v\u00f5tta Piibel, kauss ja kruus ning nuga-kahvel-lusikas, magamiskott v\u00f5i voodilinad (tekk ja padi on k\u00e4mpingus olemas). Laagrist osav\u00f5tu tasu on 15 EUR, mille v\u00f5ib tasuda registreerumisel v\u00f5i laagris kohapeal, lapsed alla 14 aasta tasuta. Osalemise soovist anna teada Regyta Eristele (tel 56 611 813; e-post: regyta(\u00e4t) ekek.ee) &hellip; <a href=\"https:\/\/www.ekek.ee\/?p=814\" class=\"more-link\">Loe edasi<span class=\"screen-reader-text\"> &#8220;EKEK suvelaager 2012&#8221;<\/span><\/a><\/p>\n","protected":false},"author":9,"featured_media":0,"comment_status":"open","ping_status":"open","sticky":false,"template":"","format":"standard","meta":{"footnotes":""},"categories":[2],"tags":[11,7],"class_list":["post-814","post","type-post","status-publish","format-standard","hentry","category-ekek","tag-uritused","tag-laagrid"],"_links":{"self":[{"href":"https:\/\/www.ekek.ee\/index.php?rest_route=\/wp\/v2\/posts\/814","targetHints":{"allow":["GET"]}}],"collection":[{"href":"https:\/\/www.ekek.ee\/index.php?rest_route=\/wp\/v2\/posts"}],"about":[{"href":"https:\/\/www.ekek.ee\/index.php?rest_route=\/wp\/v2\/types\/post"}],"author":[{"embeddable":true,"href":"https:\/\/www.ekek.ee\/index.php?rest_route=\/wp\/v2\/users\/9"}],"replies":[{"embeddable":true,"href":"https:\/\/www.ekek.ee\/index.php?rest_route=%2Fwp%2Fv2%2Fcomments&post=814"}],"version-history":[{"count":2,"href":"https:\/\/www.ekek.ee\/index.php?rest_route=\/wp\/v2\/posts\/814\/revisions"}],"predecessor-version":[{"id":819,"href":"https:\/\/www.ekek.ee\/index.php?rest_route=\/wp\/v2\/posts\/814\/revisions\/819"}],"wp:attachment":[{"href":"https:\/\/www.ekek.ee\/index.php?rest_route=%2Fwp%2Fv2%2Fmedia&parent=814"}],"wp:term":[{"taxonomy":"category","embeddable":true,"href":"https:\/\/www.ekek.ee\/index.php?rest_route=%2Fwp%2Fv2%2Fcategories&post=814"},{"taxonomy":"post_tag","embeddable":true,"href":"https:\/\/www.ekek.ee\/index.php?rest_route=%2Fwp%2Fv2%2Ftags&post=814"}],"curies":[{"name":"wp","href":"https:\/\/api.w.org\/{rel}","templated":true}]}}