{"id":689,"date":"2011-03-31T18:13:00","date_gmt":"2011-03-31T16:13:00","guid":{"rendered":"http:\/\/www.ekek.ee\/?p=689"},"modified":"2011-04-03T14:29:43","modified_gmt":"2011-04-03T12:29:43","slug":"ekek-too-eest-vastutab-ajutiselt-isa-thomas-eriste","status":"publish","type":"post","link":"https:\/\/www.ekek.ee\/?p=689","title":{"rendered":"EKEK t\u00f6\u00f6 eest vastutab ajutiselt isa Eriste"},"content":{"rendered":"<p>Alates 1. m\u00e4rtsist 2011 on Karismaatilise Episkopaalkiriku \u00fclemaailmse\u00a0osaduse patriarhi Craig W. Bates&#8217;i korraldusel EKEK peavikaarile isa Heigo Ritsbekile m\u00e4\u00e4ratud <em>ajutine kuuekuuline suspensioon<\/em>. Selleks ajaks\u00a0on ajutiselt EKEK t\u00f6\u00f6 ning EKEK koguduste t\u00f6\u00f6 eest vastutaja isa Thomas Eriste. 20. m\u00e4rtsil 2011 palus piiskop Elmer Belmonte, kes on patriarhi korraldusel ajutiselt EKEK piiskopiks, P\u00fcha Apostel Barnabase koguduses toimunud missal \u00f5nnistust isa Thomas Eristele selleks t\u00f6\u00f6ks. Suspensiooni ajal puudub Eesti Karismaatilises Episkopaalkirikus tegev peavikaar.<\/p>\n","protected":false},"excerpt":{"rendered":"<p>Alates 1. m\u00e4rtsist 2011 on Karismaatilise Episkopaalkiriku \u00fclemaailmse\u00a0osaduse patriarhi Craig W. Bates&#8217;i korraldusel EKEK peavikaarile isa Heigo Ritsbekile m\u00e4\u00e4ratud ajutine kuuekuuline suspensioon. Selleks ajaks\u00a0on ajutiselt EKEK t\u00f6\u00f6 ning EKEK koguduste t\u00f6\u00f6 eest vastutaja isa Thomas Eriste. 20. m\u00e4rtsil 2011 palus piiskop Elmer Belmonte, kes on patriarhi korraldusel ajutiselt EKEK piiskopiks, P\u00fcha Apostel Barnabase koguduses toimunud &hellip; <a href=\"https:\/\/www.ekek.ee\/?p=689\" class=\"more-link\">Loe edasi<span class=\"screen-reader-text\"> &#8220;EKEK t\u00f6\u00f6 eest vastutab ajutiselt isa Eriste&#8221;<\/span><\/a><\/p>\n","protected":false},"author":3,"featured_media":0,"comment_status":"open","ping_status":"open","sticky":false,"template":"","format":"standard","meta":{"footnotes":""},"categories":[2],"tags":[],"class_list":["post-689","post","type-post","status-publish","format-standard","hentry","category-ekek"],"_links":{"self":[{"href":"https:\/\/www.ekek.ee\/index.php?rest_route=\/wp\/v2\/posts\/689","targetHints":{"allow":["GET"]}}],"collection":[{"href":"https:\/\/www.ekek.ee\/index.php?rest_route=\/wp\/v2\/posts"}],"about":[{"href":"https:\/\/www.ekek.ee\/index.php?rest_route=\/wp\/v2\/types\/post"}],"author":[{"embeddable":true,"href":"https:\/\/www.ekek.ee\/index.php?rest_route=\/wp\/v2\/users\/3"}],"replies":[{"embeddable":true,"href":"https:\/\/www.ekek.ee\/index.php?rest_route=%2Fwp%2Fv2%2Fcomments&post=689"}],"version-history":[{"count":0,"href":"https:\/\/www.ekek.ee\/index.php?rest_route=\/wp\/v2\/posts\/689\/revisions"}],"wp:attachment":[{"href":"https:\/\/www.ekek.ee\/index.php?rest_route=%2Fwp%2Fv2%2Fmedia&parent=689"}],"wp:term":[{"taxonomy":"category","embeddable":true,"href":"https:\/\/www.ekek.ee\/index.php?rest_route=%2Fwp%2Fv2%2Fcategories&post=689"},{"taxonomy":"post_tag","embeddable":true,"href":"https:\/\/www.ekek.ee\/index.php?rest_route=%2Fwp%2Fv2%2Ftags&post=689"}],"curies":[{"name":"wp","href":"https:\/\/api.w.org\/{rel}","templated":true}]}}