{"id":651,"date":"2010-06-24T16:10:54","date_gmt":"2010-06-24T14:10:54","guid":{"rendered":"http:\/\/www.ekek.ee\/?p=651"},"modified":"2010-06-24T16:32:22","modified_gmt":"2010-06-24T14:32:22","slug":"kiriku-suvelaager-uulus","status":"publish","type":"post","link":"https:\/\/www.ekek.ee\/?p=651","title":{"rendered":"Kiriku X suvelaager Uulus"},"content":{"rendered":"<p>16.-18. juulini 2010 toimub j\u00e4rjekordne Eesti Karismaatilise Episkopaalkiriku suvelaager Uulu luterlikus laagrikeskuses, seekord oikumeenilises osaduses Eesti Karismaatilise Osaduskiriku inimestega. Laagri \u00fcldteemaks on JUMALATEENISTUS. Missadel teenivad juhtivate liturgidena EKEK peavikaar isa Heigo Ritsbek ja preester isa Thomas Eriste; jutlustavad isa Heigo Ritsbek, isa Thomas Eriste ja isa Leevi Lillem\u00e4e (EKOK). Peaettekande esitab Eesti Metodisti Kiriku vaimulik Priit Gregorios Tamm. Piiblitunni peab isa Leevi Lillem\u00e4e (EKOK). Oikumeenilises paneeldiskussioonis osalevad isa Heigo Ritsbek (EKEK), isa Leevi Lillem\u00e4e (EKOK) ja pastor Priit Gregorios Tamm (EMK). Hommiku- ja \u00f5htupalvusi peab diakon Janek Tamme. \u00d5htuti vaatame mitmeid huvitavaid filme, nendest \u00fchte p\u00f5nevamat kommenteerib Kaido Kikkas, kes on \u00fchtlasti ka fotojahi peakorraldaja (k\u00f5igil fotokad kaasa!) ning muusik jms <em>par excellence<\/em>. Toimuvad m\u00e4lum\u00e4ng ning l\u00f5kke\u00f5htud\u00a0ning palju muudki p\u00f5nevat. Laager on avatud k\u00f5ikidele. TERE TULEMAST!<\/p>\n<p style=\"text-align: center\"><img decoding=\"async\" src=\"http:\/\/www.ekek.ee\/pildid\/laager2008\/suvelaager2008_m023.JPG\" \/><\/p>\n<p style=\"text-align: center\"><img decoding=\"async\" src=\"http:\/\/www.ekek.ee\/pildid\/laager2008\/suvelaager2008_015.jpg\" \/><\/p>\n","protected":false},"excerpt":{"rendered":"<p>16.-18. juulini 2010 toimub j\u00e4rjekordne Eesti Karismaatilise Episkopaalkiriku suvelaager Uulu luterlikus laagrikeskuses, seekord oikumeenilises osaduses Eesti Karismaatilise Osaduskiriku inimestega. Laagri \u00fcldteemaks on JUMALATEENISTUS. Missadel teenivad juhtivate liturgidena EKEK peavikaar isa Heigo Ritsbek ja preester isa Thomas Eriste; jutlustavad isa Heigo Ritsbek, isa Thomas Eriste ja isa Leevi Lillem\u00e4e (EKOK). Peaettekande esitab Eesti Metodisti Kiriku vaimulik &hellip; <a href=\"https:\/\/www.ekek.ee\/?p=651\" class=\"more-link\">Loe edasi<span class=\"screen-reader-text\"> &#8220;Kiriku X suvelaager Uulus&#8221;<\/span><\/a><\/p>\n","protected":false},"author":3,"featured_media":0,"comment_status":"open","ping_status":"open","sticky":false,"template":"","format":"standard","meta":{"footnotes":""},"categories":[2,4,3,1],"tags":[],"class_list":["post-651","post","type-post","status-publish","format-standard","hentry","category-ekek","category-liturgika","category-teoloogia","category-uncategorized"],"_links":{"self":[{"href":"https:\/\/www.ekek.ee\/index.php?rest_route=\/wp\/v2\/posts\/651","targetHints":{"allow":["GET"]}}],"collection":[{"href":"https:\/\/www.ekek.ee\/index.php?rest_route=\/wp\/v2\/posts"}],"about":[{"href":"https:\/\/www.ekek.ee\/index.php?rest_route=\/wp\/v2\/types\/post"}],"author":[{"embeddable":true,"href":"https:\/\/www.ekek.ee\/index.php?rest_route=\/wp\/v2\/users\/3"}],"replies":[{"embeddable":true,"href":"https:\/\/www.ekek.ee\/index.php?rest_route=%2Fwp%2Fv2%2Fcomments&post=651"}],"version-history":[{"count":0,"href":"https:\/\/www.ekek.ee\/index.php?rest_route=\/wp\/v2\/posts\/651\/revisions"}],"wp:attachment":[{"href":"https:\/\/www.ekek.ee\/index.php?rest_route=%2Fwp%2Fv2%2Fmedia&parent=651"}],"wp:term":[{"taxonomy":"category","embeddable":true,"href":"https:\/\/www.ekek.ee\/index.php?rest_route=%2Fwp%2Fv2%2Fcategories&post=651"},{"taxonomy":"post_tag","embeddable":true,"href":"https:\/\/www.ekek.ee\/index.php?rest_route=%2Fwp%2Fv2%2Ftags&post=651"}],"curies":[{"name":"wp","href":"https:\/\/api.w.org\/{rel}","templated":true}]}}