{"id":615,"date":"2010-03-13T15:44:23","date_gmt":"2010-03-13T13:44:23","guid":{"rendered":"http:\/\/www.ekek.ee\/?p=615"},"modified":"2010-03-13T15:44:23","modified_gmt":"2010-03-13T13:44:23","slug":"paastuaja-palvepaevad","status":"publish","type":"post","link":"https:\/\/www.ekek.ee\/?p=615","title":{"rendered":"Paastuaja palvep\u00e4evad"},"content":{"rendered":"<p>Eesti Karismaatilise Episkopaalkiriku kogudustes oli laup\u00e4eval 13. m\u00e4rtsil palvep\u00e4ev palveketina, samamoodi on ka Suure N\u00e4dala kolmap\u00e4ev &#8211; 31. m\u00e4rts &#8211; palvep\u00e4evaks palveketina. V\u00f5imalik on ka paastuda. Palveketti koordineerib ilmikvikaar Rutti Proosa.<\/p>\n","protected":false},"excerpt":{"rendered":"<p>Eesti Karismaatilise Episkopaalkiriku kogudustes oli laup\u00e4eval 13. m\u00e4rtsil palvep\u00e4ev palveketina, samamoodi on ka Suure N\u00e4dala kolmap\u00e4ev &#8211; 31. m\u00e4rts &#8211; palvep\u00e4evaks palveketina. V\u00f5imalik on ka paastuda. Palveketti koordineerib ilmikvikaar Rutti Proosa.<\/p>\n","protected":false},"author":3,"featured_media":0,"comment_status":"open","ping_status":"open","sticky":false,"template":"","format":"standard","meta":{"footnotes":""},"categories":[2],"tags":[],"class_list":["post-615","post","type-post","status-publish","format-standard","hentry","category-ekek"],"_links":{"self":[{"href":"https:\/\/www.ekek.ee\/index.php?rest_route=\/wp\/v2\/posts\/615","targetHints":{"allow":["GET"]}}],"collection":[{"href":"https:\/\/www.ekek.ee\/index.php?rest_route=\/wp\/v2\/posts"}],"about":[{"href":"https:\/\/www.ekek.ee\/index.php?rest_route=\/wp\/v2\/types\/post"}],"author":[{"embeddable":true,"href":"https:\/\/www.ekek.ee\/index.php?rest_route=\/wp\/v2\/users\/3"}],"replies":[{"embeddable":true,"href":"https:\/\/www.ekek.ee\/index.php?rest_route=%2Fwp%2Fv2%2Fcomments&post=615"}],"version-history":[{"count":0,"href":"https:\/\/www.ekek.ee\/index.php?rest_route=\/wp\/v2\/posts\/615\/revisions"}],"wp:attachment":[{"href":"https:\/\/www.ekek.ee\/index.php?rest_route=%2Fwp%2Fv2%2Fmedia&parent=615"}],"wp:term":[{"taxonomy":"category","embeddable":true,"href":"https:\/\/www.ekek.ee\/index.php?rest_route=%2Fwp%2Fv2%2Fcategories&post=615"},{"taxonomy":"post_tag","embeddable":true,"href":"https:\/\/www.ekek.ee\/index.php?rest_route=%2Fwp%2Fv2%2Ftags&post=615"}],"curies":[{"name":"wp","href":"https:\/\/api.w.org\/{rel}","templated":true}]}}