{"id":551,"date":"2009-09-02T21:51:03","date_gmt":"2009-09-02T19:51:03","guid":{"rendered":"http:\/\/www.ekek.ee\/?p=551"},"modified":"2012-07-18T22:55:12","modified_gmt":"2012-07-18T19:55:12","slug":"ohtusook-vatikani-valisministriga","status":"publish","type":"post","link":"https:\/\/www.ekek.ee\/?p=551","title":{"rendered":"\u00d5htus\u00f6\u00f6k Vatikani v\u00e4lisministriga"},"content":{"rendered":"<p>2. septembril 2009 toimus Vaba\u00f5humuuseumis Kolu k\u00f5rtsis pidulik \u00f5htus\u00f6\u00f6k, mille korraldas Eesti Kirikute N\u00f5ukogu Eestis ametlikul visiidil viibiva Vatikani\u00a0v\u00e4lisministri, peapiiskop Dominique Francois Joseph Mamberti auks. P\u00fcha Tooli delegatsioonis olid lisaks peapiiskop Mambertile veel Eesti apostellik nuntsius, peapiiskop Luigi Bonazzi; Eesti apostellik administraator, piiskop Philip Jourdan;\u00a0Vatikani v\u00e4lisministri erasekret\u00e4r Msgr. Antoine Camillieri;\u00a0apostelliku nuntsiuse n\u00f5unik Msgr. Jean-Francois Latheaume. Eesti Kirikute N\u00f5ukogu poolt osalesid EKN&#8217;i president piiskop Einar Soone (EELK), EKN&#8217;i t\u00e4itevsekret\u00e4r \u00f5p. Tauno Teder (EELK), EKN&#8217;i t\u00e4itevsekret\u00e4ri assistent pastor Ruudi Leinus (EEKBKL). Liikmeskirikuid esindasid\u00a0\u00f5petaja Urmas Viilma (EELK), pastor Meego Remmel (EEKBKL), superintendent Taavi Hollman (EMK), pastor Meelis Maikalu (EKNK), pastor David N\u00f5mmik (AKEL), preestri abi Armen Andranikjan (AAK), piiskop Aleksander (EA\u00d5K), \u00fclempreester Mattias Palli (EA\u00d5K), \u00fclempreester Igor Prekup (MPE\u00d5K) ja peavikaar isa Heigo Ritsbek (EKEK). Samuti osales pidulikul\u00a0\u00f5htus\u00f6\u00f6gil Eesti Vabariigi suursaadik Vatikanis hr. J\u00fcri Seilenthal.<\/p>\n<p style=\"text-align: center;\">\n","protected":false},"excerpt":{"rendered":"<p>2. septembril 2009 toimus Vaba\u00f5humuuseumis Kolu k\u00f5rtsis pidulik \u00f5htus\u00f6\u00f6k, mille korraldas Eesti Kirikute N\u00f5ukogu Eestis ametlikul visiidil viibiva Vatikani\u00a0v\u00e4lisministri, peapiiskop Dominique Francois Joseph Mamberti auks. P\u00fcha Tooli delegatsioonis olid lisaks peapiiskop Mambertile veel Eesti apostellik nuntsius, peapiiskop Luigi Bonazzi; Eesti apostellik administraator, piiskop Philip Jourdan;\u00a0Vatikani v\u00e4lisministri erasekret\u00e4r Msgr. Antoine Camillieri;\u00a0apostelliku nuntsiuse n\u00f5unik Msgr. Jean-Francois Latheaume. &hellip; <a href=\"https:\/\/www.ekek.ee\/?p=551\" class=\"more-link\">Loe edasi<span class=\"screen-reader-text\"> &#8220;\u00d5htus\u00f6\u00f6k Vatikani v\u00e4lisministriga&#8221;<\/span><\/a><\/p>\n","protected":false},"author":3,"featured_media":0,"comment_status":"open","ping_status":"open","sticky":false,"template":"","format":"standard","meta":{"footnotes":""},"categories":[2],"tags":[],"class_list":["post-551","post","type-post","status-publish","format-standard","hentry","category-ekek"],"_links":{"self":[{"href":"https:\/\/www.ekek.ee\/index.php?rest_route=\/wp\/v2\/posts\/551","targetHints":{"allow":["GET"]}}],"collection":[{"href":"https:\/\/www.ekek.ee\/index.php?rest_route=\/wp\/v2\/posts"}],"about":[{"href":"https:\/\/www.ekek.ee\/index.php?rest_route=\/wp\/v2\/types\/post"}],"author":[{"embeddable":true,"href":"https:\/\/www.ekek.ee\/index.php?rest_route=\/wp\/v2\/users\/3"}],"replies":[{"embeddable":true,"href":"https:\/\/www.ekek.ee\/index.php?rest_route=%2Fwp%2Fv2%2Fcomments&post=551"}],"version-history":[{"count":1,"href":"https:\/\/www.ekek.ee\/index.php?rest_route=\/wp\/v2\/posts\/551\/revisions"}],"predecessor-version":[{"id":865,"href":"https:\/\/www.ekek.ee\/index.php?rest_route=\/wp\/v2\/posts\/551\/revisions\/865"}],"wp:attachment":[{"href":"https:\/\/www.ekek.ee\/index.php?rest_route=%2Fwp%2Fv2%2Fmedia&parent=551"}],"wp:term":[{"taxonomy":"category","embeddable":true,"href":"https:\/\/www.ekek.ee\/index.php?rest_route=%2Fwp%2Fv2%2Fcategories&post=551"},{"taxonomy":"post_tag","embeddable":true,"href":"https:\/\/www.ekek.ee\/index.php?rest_route=%2Fwp%2Fv2%2Ftags&post=551"}],"curies":[{"name":"wp","href":"https:\/\/api.w.org\/{rel}","templated":true}]}}