{"id":528,"date":"2009-07-02T08:56:18","date_gmt":"2009-07-02T06:56:18","guid":{"rendered":"http:\/\/www.ekek.ee\/?p=528"},"modified":"2009-07-07T17:39:45","modified_gmt":"2009-07-07T15:39:45","slug":"suvelaager-tulemas-2","status":"publish","type":"post","link":"https:\/\/www.ekek.ee\/?p=528","title":{"rendered":"Suvelaager tulemas"},"content":{"rendered":"<p><a name=\"info\" title=\"info\"><\/a>10. &#8211; 12. juulini 2009 toimub\u00a0suvelaager Uulus.<\/p>\n<p>M\u00f5ningaid t\u00e4helepanekuid:<\/p>\n<ul>\n<li>Laagrisse tuleme ilma koduloomade v\u00f5i -lindudeta<\/li>\n<li>Laagri ajal eeldame k\u00f5igi laagriliste poolt palvustel ja missadel osalemist<\/li>\n<li>Laager on avatud k\u00f5ikidele huvilistele, mitte ainult EKEK liikmetele<\/li>\n<li>Laagrisse v\u00f5tta kaasa (v\u00f5imalusel) digikaamera koos juhtmega arvutisse<\/li>\n<li>Laagris osalemise tasu on kahes osas; et muuta see k\u00f5ikidele v\u00f5imalikuks, ei t\u00f5stnud me osalustasu numbreid, see on nagu eelmisel aastal: majakestes \u00f6\u00f6bijad 200 EEK, telkides \u00f6\u00f6bijad 175 EEK, v\u00e4ljaspool laagrit \u00f6\u00f6bijad (nt P\u00e4rnus) 150 EEK; see summa on vaatamata laagris oldud ajale sama; alla 14 aastastele lastele osalustasu ei ole; teine osa osav\u00f5tustasust pannakse kokku \u00f5htumissade korjadustes, kus iga\u00fcks vastavalt oma v\u00f5imalustele saab kaasa aidata laagri toimumisele<\/li>\n<li>Laagrisse v\u00f5tta kaasa tass, kauss ja lusikas<\/li>\n<\/ul>\n","protected":false},"excerpt":{"rendered":"<p>10. &#8211; 12. juulini 2009 toimub\u00a0suvelaager Uulus. M\u00f5ningaid t\u00e4helepanekuid: Laagrisse tuleme ilma koduloomade v\u00f5i -lindudeta Laagri ajal eeldame k\u00f5igi laagriliste poolt palvustel ja missadel osalemist Laager on avatud k\u00f5ikidele huvilistele, mitte ainult EKEK liikmetele Laagrisse v\u00f5tta kaasa (v\u00f5imalusel) digikaamera koos juhtmega arvutisse Laagris osalemise tasu on kahes osas; et muuta see k\u00f5ikidele v\u00f5imalikuks, ei t\u00f5stnud &hellip; <a href=\"https:\/\/www.ekek.ee\/?p=528\" class=\"more-link\">Loe edasi<span class=\"screen-reader-text\"> &#8220;Suvelaager tulemas&#8221;<\/span><\/a><\/p>\n","protected":false},"author":3,"featured_media":0,"comment_status":"open","ping_status":"open","sticky":false,"template":"","format":"standard","meta":{"footnotes":""},"categories":[2],"tags":[],"class_list":["post-528","post","type-post","status-publish","format-standard","hentry","category-ekek"],"_links":{"self":[{"href":"https:\/\/www.ekek.ee\/index.php?rest_route=\/wp\/v2\/posts\/528","targetHints":{"allow":["GET"]}}],"collection":[{"href":"https:\/\/www.ekek.ee\/index.php?rest_route=\/wp\/v2\/posts"}],"about":[{"href":"https:\/\/www.ekek.ee\/index.php?rest_route=\/wp\/v2\/types\/post"}],"author":[{"embeddable":true,"href":"https:\/\/www.ekek.ee\/index.php?rest_route=\/wp\/v2\/users\/3"}],"replies":[{"embeddable":true,"href":"https:\/\/www.ekek.ee\/index.php?rest_route=%2Fwp%2Fv2%2Fcomments&post=528"}],"version-history":[{"count":0,"href":"https:\/\/www.ekek.ee\/index.php?rest_route=\/wp\/v2\/posts\/528\/revisions"}],"wp:attachment":[{"href":"https:\/\/www.ekek.ee\/index.php?rest_route=%2Fwp%2Fv2%2Fmedia&parent=528"}],"wp:term":[{"taxonomy":"category","embeddable":true,"href":"https:\/\/www.ekek.ee\/index.php?rest_route=%2Fwp%2Fv2%2Fcategories&post=528"},{"taxonomy":"post_tag","embeddable":true,"href":"https:\/\/www.ekek.ee\/index.php?rest_route=%2Fwp%2Fv2%2Ftags&post=528"}],"curies":[{"name":"wp","href":"https:\/\/api.w.org\/{rel}","templated":true}]}}