{"id":526,"date":"2009-06-30T15:23:29","date_gmt":"2009-06-30T13:23:29","guid":{"rendered":"http:\/\/www.ekek.ee\/?p=526"},"modified":"2009-07-07T17:34:56","modified_gmt":"2009-07-07T15:34:56","slug":"suvelaagri-esialgne-kava-uulus","status":"publish","type":"post","link":"https:\/\/www.ekek.ee\/?p=526","title":{"rendered":"Suvelaagri esialgne kava Uulus"},"content":{"rendered":"<p><a name=\"kava\" title=\"kava\"><\/a><strong>Reede 10. juuli<\/strong><\/p>\n<p>16.00 &#8211; 18.00 Saabumine; 18.30 \u00d5HTUPALVUS; 19.00 \u00d5htus\u00f6\u00f6k; 20.00 AVAMISSA; 22.30 Filmiprogramm\/l\u00f5kke\u00f5htu<\/p>\n<p><strong>Laup\u00e4ev 11. juuli<\/strong><\/p>\n<p>8.15 \u00c4ratus; 9.00 HOMMIKUPALVUS; 9.30 Hommikus\u00f6\u00f6k; 10.30 Ettekanne; 11.30 Grupiarutelud; 12.15 Grupiarutelude presentatsioonid; 12.45 M\u00e4lum\u00e4ng; 14.00 L\u00f5unas\u00f6\u00f6k; 14.30 Vaba aeg (v\u00f5imalused valikul: rabamatk, seebi viltimine, v\u00f5itluskunstide \u00f5pe); 19.00 \u00d5HTUMISSA; 21.00 Agape s\u00f6\u00f6ma-aeg; 22.00 Filmiprogramm\/l\u00f5kke\u00f5htu<\/p>\n<p><strong>P\u00fchap\u00e4ev 12. juuli<\/strong><\/p>\n<p>8.15 \u00c4ratus; 9.00 HOMMIKUPALVUS; 9.30 Hommikus\u00f6\u00f6k; 10.30 Fotojaht I; 12.00 L\u00d5PUMISSA; 14.00 Agape s\u00f6\u00f6ma-aeg; 14:30 Fotojaht II; 15.00 Laagri l\u00f5petamine\u00a0<\/p>\n","protected":false},"excerpt":{"rendered":"<p>Reede 10. juuli 16.00 &#8211; 18.00 Saabumine; 18.30 \u00d5HTUPALVUS; 19.00 \u00d5htus\u00f6\u00f6k; 20.00 AVAMISSA; 22.30 Filmiprogramm\/l\u00f5kke\u00f5htu Laup\u00e4ev 11. juuli 8.15 \u00c4ratus; 9.00 HOMMIKUPALVUS; 9.30 Hommikus\u00f6\u00f6k; 10.30 Ettekanne; 11.30 Grupiarutelud; 12.15 Grupiarutelude presentatsioonid; 12.45 M\u00e4lum\u00e4ng; 14.00 L\u00f5unas\u00f6\u00f6k; 14.30 Vaba aeg (v\u00f5imalused valikul: rabamatk, seebi viltimine, v\u00f5itluskunstide \u00f5pe); 19.00 \u00d5HTUMISSA; 21.00 Agape s\u00f6\u00f6ma-aeg; 22.00 Filmiprogramm\/l\u00f5kke\u00f5htu P\u00fchap\u00e4ev 12. juuli &hellip; <a href=\"https:\/\/www.ekek.ee\/?p=526\" class=\"more-link\">Loe edasi<span class=\"screen-reader-text\"> &#8220;Suvelaagri esialgne kava Uulus&#8221;<\/span><\/a><\/p>\n","protected":false},"author":3,"featured_media":0,"comment_status":"open","ping_status":"open","sticky":false,"template":"","format":"standard","meta":{"footnotes":""},"categories":[2],"tags":[],"class_list":["post-526","post","type-post","status-publish","format-standard","hentry","category-ekek"],"_links":{"self":[{"href":"https:\/\/www.ekek.ee\/index.php?rest_route=\/wp\/v2\/posts\/526","targetHints":{"allow":["GET"]}}],"collection":[{"href":"https:\/\/www.ekek.ee\/index.php?rest_route=\/wp\/v2\/posts"}],"about":[{"href":"https:\/\/www.ekek.ee\/index.php?rest_route=\/wp\/v2\/types\/post"}],"author":[{"embeddable":true,"href":"https:\/\/www.ekek.ee\/index.php?rest_route=\/wp\/v2\/users\/3"}],"replies":[{"embeddable":true,"href":"https:\/\/www.ekek.ee\/index.php?rest_route=%2Fwp%2Fv2%2Fcomments&post=526"}],"version-history":[{"count":0,"href":"https:\/\/www.ekek.ee\/index.php?rest_route=\/wp\/v2\/posts\/526\/revisions"}],"wp:attachment":[{"href":"https:\/\/www.ekek.ee\/index.php?rest_route=%2Fwp%2Fv2%2Fmedia&parent=526"}],"wp:term":[{"taxonomy":"category","embeddable":true,"href":"https:\/\/www.ekek.ee\/index.php?rest_route=%2Fwp%2Fv2%2Fcategories&post=526"},{"taxonomy":"post_tag","embeddable":true,"href":"https:\/\/www.ekek.ee\/index.php?rest_route=%2Fwp%2Fv2%2Ftags&post=526"}],"curies":[{"name":"wp","href":"https:\/\/api.w.org\/{rel}","templated":true}]}}