{"id":453,"date":"2008-12-12T13:36:55","date_gmt":"2008-12-12T11:36:55","guid":{"rendered":"http:\/\/www.ekek.ee\/?p=453"},"modified":"2008-12-12T13:48:55","modified_gmt":"2008-12-12T11:48:55","slug":"patriarh-vottis-piiskop-weeksi-tagasi","status":"publish","type":"post","link":"https:\/\/www.ekek.ee\/?p=453","title":{"rendered":"Patriarh v\u00f5ttis piiskop Weeksi tagasi"},"content":{"rendered":"<table valign=\"top\" cellpadding=\"2\">\n<tr>\n<td valign=\"top\">Piiskop\u00a0Philip Weeks esitas palve tulla tagasi Karismaatilise Episkopaalkiriku Rahvusvahelisse Osadusse.\u00a0\u00a0Ta liitus Karismaatilise Episkopaalkirikuga 1998 ja oli oluliseks kaasaaitajaks Karismaatilise Episkopaalkiriku levikul Aafrikas. Piiskop Weeks p\u00fchitseti piiskopiks 24. augustil\u00a02002 Kampalas (Uganda) P\u00fcha Kolmainsuse Katedraalis. Piiskop Weeks j\u00e4tkab teenistust Karismaatilises Episkopaalkirikus patriarhi n\u00f5unikuna \u00fclemaailmse misjoni k\u00fcsimustes.<\/td>\n<td><center><img loading=\"lazy\" decoding=\"async\" src=\"http:\/\/www.ekek.ee\/pildid\/philipupdate.jpg\" title=\"Piiskop Weeks\" alt=\"Piiskop Weeks\" width=\"174\" height=\"211\" \/><\/center><\/td>\n<\/tr>\n<\/table>\n","protected":false},"excerpt":{"rendered":"<p>Piiskop\u00a0Philip Weeks esitas palve tulla tagasi Karismaatilise Episkopaalkiriku Rahvusvahelisse Osadusse.\u00a0\u00a0Ta liitus Karismaatilise Episkopaalkirikuga 1998 ja oli oluliseks kaasaaitajaks Karismaatilise Episkopaalkiriku levikul Aafrikas. Piiskop Weeks p\u00fchitseti piiskopiks 24. augustil\u00a02002 Kampalas (Uganda) P\u00fcha Kolmainsuse Katedraalis. Piiskop Weeks j\u00e4tkab teenistust Karismaatilises Episkopaalkirikus patriarhi n\u00f5unikuna \u00fclemaailmse misjoni k\u00fcsimustes.<\/p>\n","protected":false},"author":3,"featured_media":0,"comment_status":"open","ping_status":"open","sticky":false,"template":"","format":"standard","meta":{"footnotes":""},"categories":[1],"tags":[],"class_list":["post-453","post","type-post","status-publish","format-standard","hentry","category-uncategorized"],"_links":{"self":[{"href":"https:\/\/www.ekek.ee\/index.php?rest_route=\/wp\/v2\/posts\/453","targetHints":{"allow":["GET"]}}],"collection":[{"href":"https:\/\/www.ekek.ee\/index.php?rest_route=\/wp\/v2\/posts"}],"about":[{"href":"https:\/\/www.ekek.ee\/index.php?rest_route=\/wp\/v2\/types\/post"}],"author":[{"embeddable":true,"href":"https:\/\/www.ekek.ee\/index.php?rest_route=\/wp\/v2\/users\/3"}],"replies":[{"embeddable":true,"href":"https:\/\/www.ekek.ee\/index.php?rest_route=%2Fwp%2Fv2%2Fcomments&post=453"}],"version-history":[{"count":0,"href":"https:\/\/www.ekek.ee\/index.php?rest_route=\/wp\/v2\/posts\/453\/revisions"}],"wp:attachment":[{"href":"https:\/\/www.ekek.ee\/index.php?rest_route=%2Fwp%2Fv2%2Fmedia&parent=453"}],"wp:term":[{"taxonomy":"category","embeddable":true,"href":"https:\/\/www.ekek.ee\/index.php?rest_route=%2Fwp%2Fv2%2Fcategories&post=453"},{"taxonomy":"post_tag","embeddable":true,"href":"https:\/\/www.ekek.ee\/index.php?rest_route=%2Fwp%2Fv2%2Ftags&post=453"}],"curies":[{"name":"wp","href":"https:\/\/api.w.org\/{rel}","templated":true}]}}