{"id":161,"date":"2006-07-17T13:26:27","date_gmt":"2006-07-17T11:26:27","guid":{"rendered":"http:\/\/www.ekek.ee\/?p=161"},"modified":"2006-07-17T13:57:03","modified_gmt":"2006-07-17T11:57:03","slug":"kaido-kikkase-kommentaar-ekek-suvelaagrile","status":"publish","type":"post","link":"https:\/\/www.ekek.ee\/?p=161","title":{"rendered":"Kaido Kikkase kommentaar EKEK suvelaagrile"},"content":{"rendered":"<p>(originaal on <a href=\"http:\/\/www.kakupesa.net\/kakk\/jora\/?p=260\">siin<\/a>)<\/p>\n<p>Kolmas kirikulaager Uulus toimus siis n\u00fc\u00fcd sel n\u00e4dalavahetusel.<\/p>\n<p>Vahva oli. Seltskond oli suuresti sama mis varasematel kordadel, hea oli m\u00f5nda vana tuttavat j\u00e4lle n\u00e4ha. Sai k\u00f5vasti musa tehtud (p\u00f5hiliselt koos vend Janekiga P\u00e4rnust), kaigastega vehitud ning s\u00f5pradega suheldud, kirikulistena muidugi ka teenistusi peetud. Paraku j\u00e4i pildistamine seekord unarusse.<\/p>\n<p>Vahva oli laup\u00e4ev, kui esmalt pidas isa Heigo pika loengu kiriku ajaloost, siis aga k\u00e4isid k\u00fclas p\u00e4kapikud. V\u00f5i noh, nii nad esmalt tundusid &#8211; tegelikult oli tegu hoopis ansambliga \u201cValge Vene\u201d (lahe nimi ju). P\u00e4rnu Salemi baptistikoguduse neli meest, sellised \u201cvana kooli\u201d vaimuliku kantrifolgi tegijad (ilmalikuma rea pealt v\u00f5iks ehk paralleeliks tuua Kukerpillid). Muidu Kakk sedalaadi musa v\u00e4ga ei f\u00e4nna, aga need neli juba hallineva peaga selli (kui mitte arvestada \u00fche venna kiilaspead) suutsid end kuulama panna k\u00fcll &#8211; m\u00f5jusid esiteks siirus ja teiseks l\u00e4biv m\u00f5nus humoorikus. Lisaks veel hea vokaal, k\u00f5ik neli suutsid peale pillim\u00e4ngu (kitarr, mandoliin, suupill ja bassmandoliin) ka laulda. Omade lugude hulgas oli mitmeid p\u00e4ris h\u00e4id, nagu \u201cLehmalaul\u201d ja \u201cRaskused vormivad mehe\u201d.<\/p>\n<p>Kui kontsert l\u00e4bi sai, n\u00e4itas isa Heigo l\u00e4pparist seinale USA-st DVD-l toodud filmi \u201cLuther\u201d. Sellest kirjutaks eraldi.<\/p>\n<p>Kogu laagris oli juba traditsiooniliselt m\u00f5nus ja kodune \u00f5hkkond. Ait\u00e4h k\u00f5igile, kes seda kujundada aitasid, lisaks suured t\u00e4nud peamistele korraldajatele. <\/p>\n","protected":false},"excerpt":{"rendered":"<p>(originaal on siin) Kolmas kirikulaager Uulus toimus siis n\u00fc\u00fcd sel n\u00e4dalavahetusel. Vahva oli. Seltskond oli suuresti sama mis varasematel kordadel, hea oli m\u00f5nda vana tuttavat j\u00e4lle n\u00e4ha. Sai k\u00f5vasti musa tehtud (p\u00f5hiliselt koos vend Janekiga P\u00e4rnust), kaigastega vehitud ning s\u00f5pradega suheldud, kirikulistena muidugi ka teenistusi peetud. Paraku j\u00e4i pildistamine seekord unarusse. Vahva oli laup\u00e4ev, kui &hellip; <a href=\"https:\/\/www.ekek.ee\/?p=161\" class=\"more-link\">Loe edasi<span class=\"screen-reader-text\"> &#8220;Kaido Kikkase kommentaar EKEK suvelaagrile&#8221;<\/span><\/a><\/p>\n","protected":false},"author":3,"featured_media":0,"comment_status":"open","ping_status":"open","sticky":false,"template":"","format":"standard","meta":{"footnotes":""},"categories":[2],"tags":[],"class_list":["post-161","post","type-post","status-publish","format-standard","hentry","category-ekek"],"_links":{"self":[{"href":"https:\/\/www.ekek.ee\/index.php?rest_route=\/wp\/v2\/posts\/161","targetHints":{"allow":["GET"]}}],"collection":[{"href":"https:\/\/www.ekek.ee\/index.php?rest_route=\/wp\/v2\/posts"}],"about":[{"href":"https:\/\/www.ekek.ee\/index.php?rest_route=\/wp\/v2\/types\/post"}],"author":[{"embeddable":true,"href":"https:\/\/www.ekek.ee\/index.php?rest_route=\/wp\/v2\/users\/3"}],"replies":[{"embeddable":true,"href":"https:\/\/www.ekek.ee\/index.php?rest_route=%2Fwp%2Fv2%2Fcomments&post=161"}],"version-history":[{"count":0,"href":"https:\/\/www.ekek.ee\/index.php?rest_route=\/wp\/v2\/posts\/161\/revisions"}],"wp:attachment":[{"href":"https:\/\/www.ekek.ee\/index.php?rest_route=%2Fwp%2Fv2%2Fmedia&parent=161"}],"wp:term":[{"taxonomy":"category","embeddable":true,"href":"https:\/\/www.ekek.ee\/index.php?rest_route=%2Fwp%2Fv2%2Fcategories&post=161"},{"taxonomy":"post_tag","embeddable":true,"href":"https:\/\/www.ekek.ee\/index.php?rest_route=%2Fwp%2Fv2%2Ftags&post=161"}],"curies":[{"name":"wp","href":"https:\/\/api.w.org\/{rel}","templated":true}]}}