{"id":1375,"date":"2018-07-03T10:03:52","date_gmt":"2018-07-03T07:03:52","guid":{"rendered":"http:\/\/www.ekek.ee\/?p=1375"},"modified":"2018-07-03T10:04:19","modified_gmt":"2018-07-03T07:04:19","slug":"ekek-suvelaager-2018","status":"publish","type":"post","link":"https:\/\/www.ekek.ee\/?p=1375","title":{"rendered":"EKEK suvelaager 2018"},"content":{"rendered":"<p>Kutsume 6.-8. juulini endaga koos laagerdama k\u00f5iki, kes on huvitatud kristlikust laagrist Vormsi saarel. Hingame v\u00e4rsket saare\u00f5hku, m\u00f5tiskleme, arutleme, kuulame head muusikat ja peame p\u00fcha armulaualiturgiat. Tule \u00fches, v\u00f5ta s\u00f5ber kaasa ning saa osa toredast v\u00e4ljas\u00f5idust imekaunile Vormsi saarele!<\/p>\n<p>EKEK suvelaager toimub Hullo k\u00fclas P\u00fcha Olavi kirikus. Erik\u00fclalisteks on Karismaatilise Episkopaalkiriku Londoni P\u00fcha Esim\u00e4rter Stefanose koguduse rektor isa Dana Jackson ja tema abikaasa Edye. Laagri teemaks on &#8220;Kirik kui perekond&#8221;.<\/p>\n<p>\u00d6\u00f6bimine on P\u00fcha Olavi koguduse laagrimajas, kus on olemas voodipesu ja toidun\u00f5ud. Kaasa v\u00f5ta Piibel. Osav\u00f5tutasu on 30\u20ac (alla 14.a. tasuta) ning see sisaldab \u00f6\u00f6bimist ja toitlustamist. Transport laagrisse oma kulu ja kirjadega.<\/p>\n<p>Osav\u00f5tutasu v\u00f5ib tasuda kohapeal v\u00f5i ka \u00fclekandega P\u00e4rnu P\u00fcha Apostel Barnabase koguduse arvele EE662200001120232993 Swedbank.<\/p>\n<p>Anna oma osalemisest teada v\u00f5imalikult varakult, sest siis saame pisut transporti planeerida ning toitlustusega arvestada. Kui sul on k\u00fcsimusi ja\/v\u00f5i tahad teada anda laagris osalemisest, siis v\u00f5ta \u00fchendust Regytaga telefonil 56 611 813 v\u00f5i meilitsi regyta[\u00e4t]ekek.ee.<\/p>\n<p>Kohtumiseni Vormsil!<br \/>\nAhoi!<\/p>\n<p><img decoding=\"async\" src=\"http:\/\/www.ekek.ee\/pildid\/EKEK_suvelaagri_reklaam_2018.jpg\" alt=\"laagriplakat 2018\" \/><\/p>\n","protected":false},"excerpt":{"rendered":"<p>Kutsume 6.-8. juulini endaga koos laagerdama k\u00f5iki, kes on huvitatud kristlikust laagrist Vormsi saarel. Hingame v\u00e4rsket saare\u00f5hku, m\u00f5tiskleme, arutleme, kuulame head muusikat ja peame p\u00fcha armulaualiturgiat. Tule \u00fches, v\u00f5ta s\u00f5ber kaasa ning saa osa toredast v\u00e4ljas\u00f5idust imekaunile Vormsi saarele! EKEK suvelaager toimub Hullo k\u00fclas P\u00fcha Olavi kirikus. Erik\u00fclalisteks on Karismaatilise Episkopaalkiriku Londoni P\u00fcha Esim\u00e4rter Stefanose &hellip; <a href=\"https:\/\/www.ekek.ee\/?p=1375\" class=\"more-link\">Loe edasi<span class=\"screen-reader-text\"> &#8220;EKEK suvelaager 2018&#8221;<\/span><\/a><\/p>\n","protected":false},"author":9,"featured_media":0,"comment_status":"open","ping_status":"open","sticky":false,"template":"","format":"standard","meta":{"footnotes":""},"categories":[2],"tags":[11,7],"class_list":["post-1375","post","type-post","status-publish","format-standard","hentry","category-ekek","tag-uritused","tag-laagrid"],"_links":{"self":[{"href":"https:\/\/www.ekek.ee\/index.php?rest_route=\/wp\/v2\/posts\/1375","targetHints":{"allow":["GET"]}}],"collection":[{"href":"https:\/\/www.ekek.ee\/index.php?rest_route=\/wp\/v2\/posts"}],"about":[{"href":"https:\/\/www.ekek.ee\/index.php?rest_route=\/wp\/v2\/types\/post"}],"author":[{"embeddable":true,"href":"https:\/\/www.ekek.ee\/index.php?rest_route=\/wp\/v2\/users\/9"}],"replies":[{"embeddable":true,"href":"https:\/\/www.ekek.ee\/index.php?rest_route=%2Fwp%2Fv2%2Fcomments&post=1375"}],"version-history":[{"count":1,"href":"https:\/\/www.ekek.ee\/index.php?rest_route=\/wp\/v2\/posts\/1375\/revisions"}],"predecessor-version":[{"id":1376,"href":"https:\/\/www.ekek.ee\/index.php?rest_route=\/wp\/v2\/posts\/1375\/revisions\/1376"}],"wp:attachment":[{"href":"https:\/\/www.ekek.ee\/index.php?rest_route=%2Fwp%2Fv2%2Fmedia&parent=1375"}],"wp:term":[{"taxonomy":"category","embeddable":true,"href":"https:\/\/www.ekek.ee\/index.php?rest_route=%2Fwp%2Fv2%2Fcategories&post=1375"},{"taxonomy":"post_tag","embeddable":true,"href":"https:\/\/www.ekek.ee\/index.php?rest_route=%2Fwp%2Fv2%2Ftags&post=1375"}],"curies":[{"name":"wp","href":"https:\/\/api.w.org\/{rel}","templated":true}]}}