{"id":1304,"date":"2017-06-08T22:50:54","date_gmt":"2017-06-08T19:50:54","guid":{"rendered":"http:\/\/www.ekek.ee\/?p=1304"},"modified":"2017-06-08T22:53:50","modified_gmt":"2017-06-08T19:53:50","slug":"ekek-suvelaager-tulekul","status":"publish","type":"post","link":"https:\/\/www.ekek.ee\/?p=1304","title":{"rendered":"EKEK suvelaager tulekul"},"content":{"rendered":"<p><img decoding=\"async\" src=\"\/pildid\/ekeklaager2017.jpg\" alt=\"Suvelaager 2017\" \/><br \/>\nAhoi, saarerahvas ja mandrirahvas!<\/p>\n<p>Kutsume k\u00f5iki inimesi, kes on huvitatud kristlikust laagrist,\u00a0laagerdama 21-23. juulini Vormsi saarel. Hingame v\u00e4rsket saare\u00f5hku, m\u00f5tiskleme,arutleme, kuulame head muusikat ja peame p\u00fcha armulaualiturgiat. Tule ise, v\u00f5ta s\u00f5brad kaasa ning saa osa toredast v\u00e4ljas\u00f5idust imekaunile Vormsi saarele!<\/p>\n<p>EKEK suvelaager toimub Hullo k\u00fclas P\u00fcha Olavi kirikus. Erik\u00fclaliseks on Karismaatilise Episkopaalkiriku Londoni P\u00fcha Esim\u00e4rter Stefanose koguduse rektor isa Dana Jackson abikaasaga. Laagri teemaks on &#8220;Missioon misjon&#8221;.<\/p>\n<p>\u00d6\u00f6bimine on P\u00fcha Olavi koguduse laagrimajas, kus on olemas nii voodipesu kui toidun\u00f5ud. Kaasa v\u00f5ta Piibel. Osav\u00f5tutasu on 30\u20ac (alla 14.a. tasuta), mis sisaldab \u00f6\u00f6bimist ja toitlustamist. Transport laagrisse oma kulu ja kirjadega.<\/p>\n<p>Osav\u00f5tutasu v\u00f5ib tasuda kohapeal v\u00f5i ka \u00fclekandega P\u00e4rnu P\u00fcha Apostel Barnabase koguduse arvele EE662200001120232993 Swedbank.<\/p>\n<p>Anna oma osalemisest teada v\u00f5imalikult varakult, sest siis saame praamipileteid broneerida ning toitlustusega arvestada. Kui sul on k\u00fcsimusi ja\/v\u00f5i tahad teada anda laagris osalemisest, siis v\u00f5ta \u00fchendust Regytaga telefonil 56 611 813 v\u00f5i meilitsi regyta[\u00e4t]ekek.ee.<\/p>\n<p>Kohtumiseni Vormsil!<br \/>\nAhoi!<\/p>\n","protected":false},"excerpt":{"rendered":"<p>Ahoi, saarerahvas ja mandrirahvas! Kutsume k\u00f5iki inimesi, kes on huvitatud kristlikust laagrist,\u00a0laagerdama 21-23. juulini Vormsi saarel. Hingame v\u00e4rsket saare\u00f5hku, m\u00f5tiskleme,arutleme, kuulame head muusikat ja peame p\u00fcha armulaualiturgiat. Tule ise, v\u00f5ta s\u00f5brad kaasa ning saa osa toredast v\u00e4ljas\u00f5idust imekaunile Vormsi saarele! EKEK suvelaager toimub Hullo k\u00fclas P\u00fcha Olavi kirikus. Erik\u00fclaliseks on Karismaatilise Episkopaalkiriku Londoni P\u00fcha Esim\u00e4rter &hellip; <a href=\"https:\/\/www.ekek.ee\/?p=1304\" class=\"more-link\">Loe edasi<span class=\"screen-reader-text\"> &#8220;EKEK suvelaager tulekul&#8221;<\/span><\/a><\/p>\n","protected":false},"author":9,"featured_media":0,"comment_status":"open","ping_status":"open","sticky":false,"template":"","format":"standard","meta":{"footnotes":""},"categories":[2],"tags":[38,7],"class_list":["post-1304","post","type-post","status-publish","format-standard","hentry","category-ekek","tag-kuulutused","tag-laagrid"],"_links":{"self":[{"href":"https:\/\/www.ekek.ee\/index.php?rest_route=\/wp\/v2\/posts\/1304","targetHints":{"allow":["GET"]}}],"collection":[{"href":"https:\/\/www.ekek.ee\/index.php?rest_route=\/wp\/v2\/posts"}],"about":[{"href":"https:\/\/www.ekek.ee\/index.php?rest_route=\/wp\/v2\/types\/post"}],"author":[{"embeddable":true,"href":"https:\/\/www.ekek.ee\/index.php?rest_route=\/wp\/v2\/users\/9"}],"replies":[{"embeddable":true,"href":"https:\/\/www.ekek.ee\/index.php?rest_route=%2Fwp%2Fv2%2Fcomments&post=1304"}],"version-history":[{"count":5,"href":"https:\/\/www.ekek.ee\/index.php?rest_route=\/wp\/v2\/posts\/1304\/revisions"}],"predecessor-version":[{"id":1310,"href":"https:\/\/www.ekek.ee\/index.php?rest_route=\/wp\/v2\/posts\/1304\/revisions\/1310"}],"wp:attachment":[{"href":"https:\/\/www.ekek.ee\/index.php?rest_route=%2Fwp%2Fv2%2Fmedia&parent=1304"}],"wp:term":[{"taxonomy":"category","embeddable":true,"href":"https:\/\/www.ekek.ee\/index.php?rest_route=%2Fwp%2Fv2%2Fcategories&post=1304"},{"taxonomy":"post_tag","embeddable":true,"href":"https:\/\/www.ekek.ee\/index.php?rest_route=%2Fwp%2Fv2%2Ftags&post=1304"}],"curies":[{"name":"wp","href":"https:\/\/api.w.org\/{rel}","templated":true}]}}