{"id":117,"date":"2006-03-15T20:58:41","date_gmt":"2006-03-15T18:58:41","guid":{"rendered":"http:\/\/www.ekek.ee\/?p=117"},"modified":"2006-03-15T20:58:41","modified_gmt":"2006-03-15T18:58:41","slug":"26-martsi-missa-algus-harkujarvel-kell-1045","status":"publish","type":"post","link":"https:\/\/www.ekek.ee\/?p=117","title":{"rendered":"26. m\u00e4rtsi missa algus Harkuj\u00e4rvel kell 10.45!"},"content":{"rendered":"<p>26. m\u00e4rtsil toimub Harkuj\u00e4rve P\u00fcha Esim\u00e4rter Stefanose kirikus missa erandlikult algusega kell 10.45 (10.20 v\u00e4ljub buss nr 27 V\u00e4ike-\u00d5ism\u00e4e l\u00f5pp-peatusest Harkuj\u00e4rvele) seoses president Lennart Meri matuse oikumeenilise jumalateenistuse \u00fclekandega Eesti TV-s.<\/p>\n","protected":false},"excerpt":{"rendered":"<p>26. m\u00e4rtsil toimub Harkuj\u00e4rve P\u00fcha Esim\u00e4rter Stefanose kirikus missa erandlikult algusega kell 10.45 (10.20 v\u00e4ljub buss nr 27 V\u00e4ike-\u00d5ism\u00e4e l\u00f5pp-peatusest Harkuj\u00e4rvele) seoses president Lennart Meri matuse oikumeenilise jumalateenistuse \u00fclekandega Eesti TV-s.<\/p>\n","protected":false},"author":3,"featured_media":0,"comment_status":"open","ping_status":"open","sticky":false,"template":"","format":"standard","meta":{"footnotes":""},"categories":[1],"tags":[],"class_list":["post-117","post","type-post","status-publish","format-standard","hentry","category-uncategorized"],"_links":{"self":[{"href":"https:\/\/www.ekek.ee\/index.php?rest_route=\/wp\/v2\/posts\/117","targetHints":{"allow":["GET"]}}],"collection":[{"href":"https:\/\/www.ekek.ee\/index.php?rest_route=\/wp\/v2\/posts"}],"about":[{"href":"https:\/\/www.ekek.ee\/index.php?rest_route=\/wp\/v2\/types\/post"}],"author":[{"embeddable":true,"href":"https:\/\/www.ekek.ee\/index.php?rest_route=\/wp\/v2\/users\/3"}],"replies":[{"embeddable":true,"href":"https:\/\/www.ekek.ee\/index.php?rest_route=%2Fwp%2Fv2%2Fcomments&post=117"}],"version-history":[{"count":0,"href":"https:\/\/www.ekek.ee\/index.php?rest_route=\/wp\/v2\/posts\/117\/revisions"}],"wp:attachment":[{"href":"https:\/\/www.ekek.ee\/index.php?rest_route=%2Fwp%2Fv2%2Fmedia&parent=117"}],"wp:term":[{"taxonomy":"category","embeddable":true,"href":"https:\/\/www.ekek.ee\/index.php?rest_route=%2Fwp%2Fv2%2Fcategories&post=117"},{"taxonomy":"post_tag","embeddable":true,"href":"https:\/\/www.ekek.ee\/index.php?rest_route=%2Fwp%2Fv2%2Ftags&post=117"}],"curies":[{"name":"wp","href":"https:\/\/api.w.org\/{rel}","templated":true}]}}