{"id":111,"date":"2006-03-05T19:47:17","date_gmt":"2006-03-05T17:47:17","guid":{"rendered":"http:\/\/www.ekek.ee\/?p=111"},"modified":"2006-03-05T20:01:25","modified_gmt":"2006-03-05T18:01:25","slug":"2007a-allianssteemad-euroopale","status":"publish","type":"post","link":"https:\/\/www.ekek.ee\/?p=111","title":{"rendered":"2007.a.  allianssteemad Euroopale Eestist"},"content":{"rendered":"<p>Euroopa Evangeelse Alliansi juhtkond tegi austava ning erakordse \u00fclesande Eesti Evangeelsele Alliansile (EEA) &#8211; valmistada ette 2007.a. alguse alliansspalven\u00e4dala teemad ning tekstid sellega seoses. EEA peasekret\u00e4r, EKEK peavikaar dr Heigo Ritsbek koostas EEA palvel \u00fcldteemad, p\u00e4evateemad, \u00fcldise kontseptsiooni ning lektsionaariumi p\u00fchakirjade tekstid k\u00f5ikide p\u00e4evade jaoks. EMK Tartu P\u00fcha Luuka koguduse pastor Priit Gregorios Tamm koostas iga p\u00e4eva jaoks l\u00fchikommentaari ning EEA liikmeskirikute ja kaasat\u00f6\u00f6tavate kirikute juhid ning esindajad koostasid palved iga p\u00e4eva jaoks. Palved koostasid peapiiskop Andres P\u00f5der (Eesti Evangeelne Luterlik Kirik), metropoliit Stefanos (Eesti Apostlik \u00d5igeusu Kirik), piiskop Philippe Jourdan (rooma-katoliku kirik), piiskop Ago Lilleorg (Eesti Kristlik Nelip\u00fchi Kirik),  superintendent Taavi Hollman (Eesti Metodisti Kirik), pastor Meego Remmel (Eesti Evangeelsete Kristlaste ja Baptistide Koguduste Liit), peavikaar dr Heigo Ritsbek (Eesti Karismaatiline Episkopaalkirik) ja pastor Janek Pallase (Eesti Evangeelsete ja Vabakoguduste Liit). Eesti Evangeelse Alliansi poolt koostatud palveteemad koos soovitavate tekstide ning kommentaaridega saadetakse k\u00f5ikidesse Euroopa riikidesse, kus neid kasutatakse rahvuskeeltesse t\u00f5lgituna 2007.a. alliansspalven\u00e4dalal 7.-14. 01. 2007.     <\/p>\n","protected":false},"excerpt":{"rendered":"<p>Euroopa Evangeelse Alliansi juhtkond tegi austava ning erakordse \u00fclesande Eesti Evangeelsele Alliansile (EEA) &#8211; valmistada ette 2007.a. alguse alliansspalven\u00e4dala teemad ning tekstid sellega seoses. EEA peasekret\u00e4r, EKEK peavikaar dr Heigo Ritsbek koostas EEA palvel \u00fcldteemad, p\u00e4evateemad, \u00fcldise kontseptsiooni ning lektsionaariumi p\u00fchakirjade tekstid k\u00f5ikide p\u00e4evade jaoks. EMK Tartu P\u00fcha Luuka koguduse pastor Priit Gregorios Tamm koostas &hellip; <a href=\"https:\/\/www.ekek.ee\/?p=111\" class=\"more-link\">Loe edasi<span class=\"screen-reader-text\"> &#8220;2007.a.  allianssteemad Euroopale Eestist&#8221;<\/span><\/a><\/p>\n","protected":false},"author":3,"featured_media":0,"comment_status":"open","ping_status":"open","sticky":false,"template":"","format":"standard","meta":{"footnotes":""},"categories":[2,1],"tags":[],"class_list":["post-111","post","type-post","status-publish","format-standard","hentry","category-ekek","category-uncategorized"],"_links":{"self":[{"href":"https:\/\/www.ekek.ee\/index.php?rest_route=\/wp\/v2\/posts\/111","targetHints":{"allow":["GET"]}}],"collection":[{"href":"https:\/\/www.ekek.ee\/index.php?rest_route=\/wp\/v2\/posts"}],"about":[{"href":"https:\/\/www.ekek.ee\/index.php?rest_route=\/wp\/v2\/types\/post"}],"author":[{"embeddable":true,"href":"https:\/\/www.ekek.ee\/index.php?rest_route=\/wp\/v2\/users\/3"}],"replies":[{"embeddable":true,"href":"https:\/\/www.ekek.ee\/index.php?rest_route=%2Fwp%2Fv2%2Fcomments&post=111"}],"version-history":[{"count":0,"href":"https:\/\/www.ekek.ee\/index.php?rest_route=\/wp\/v2\/posts\/111\/revisions"}],"wp:attachment":[{"href":"https:\/\/www.ekek.ee\/index.php?rest_route=%2Fwp%2Fv2%2Fmedia&parent=111"}],"wp:term":[{"taxonomy":"category","embeddable":true,"href":"https:\/\/www.ekek.ee\/index.php?rest_route=%2Fwp%2Fv2%2Fcategories&post=111"},{"taxonomy":"post_tag","embeddable":true,"href":"https:\/\/www.ekek.ee\/index.php?rest_route=%2Fwp%2Fv2%2Ftags&post=111"}],"curies":[{"name":"wp","href":"https:\/\/api.w.org\/{rel}","templated":true}]}}