{"id":1084,"date":"2014-08-24T13:22:08","date_gmt":"2014-08-24T10:22:08","guid":{"rendered":"http:\/\/www.ekek.ee\/?p=1084"},"modified":"2014-08-24T13:27:10","modified_gmt":"2014-08-24T10:27:10","slug":"laagrimuljed","status":"publish","type":"post","link":"https:\/\/www.ekek.ee\/?p=1084","title":{"rendered":"Laagrimuljed"},"content":{"rendered":"<p>Vend Juhan kirjutas ka sel aastal laagrist vahva muljetuse, mis olgu n\u00fc\u00fcd ka siin \u00e4ra toodud.<\/p>\n<p>&#8212;<\/p>\n<p>Seekordne EKEK suvelaager toimus 25.-27. juulil 2014. \u00d5nneks sattus see aeg v\u00e4ga kaunitele suvep\u00e4evadele, mis olid v\u00e4ga oodatud ja sama r\u00f5\u00f5msalt vastu v\u00f5etud. Laagri asukoht oli endiselt tuttav paik k\u00f5igile, kes on varem kuulnud v\u00f5i lugenud EKEK suurest suvisest kokkusaamisest &#8211; Uulu EELK laagriplats. Hea kindel tunne on teada, et need inimesed, kellega aasta keskel v\u00f5ib-olla harva kohtume, on suure t\u00f5en\u00e4osusega laagris osalejad.<\/p>\n<p>Kokkutulnuid oli mitmest paigast \u00fcle terve Eestimaa. Sel aastal oli lisaks kohalikule kirikurahvale r\u00f5\u00f5m n\u00e4ha meie keskel piiskop Elmer Belmontet koos abikaasa Citadeliga Madriidi linnast. Kokku oli sel aastal laagrist osav\u00f5tjaid 31.<\/p>\n<p>Laagrilised hakkasid kogunema juba reede pealel\u00f5unal &#8211; tuli heisata laagri lipp, registreeruda ja endid majadesse sisse seada. Kell 19 oli esimene \u00f5htupalvus ning seej\u00e4rel oli v\u00f5imalus istuda kaetud laua \u00fcmber kehakinnitamiseks. Samal \u00f5htul toimus piiskop Elmeri esimene loeng, mille teemaks oli selle aasta suvel toimunud CEC rahvusvaheline konvent Madriidis. Kuulsime palju huvitavaid muljeid nii k\u00f5nelejalt endalt (kes muide oli konvendi p\u00f5hikorraldaja) kui ka Eestist osalenute elamusi.<\/p>\n<p>Laup\u00e4eva hommik algas muusikalise hommikuv\u00f5imlemisega ning sellele j\u00e4rgnes keldi hommikupalvus, mida juhtis isa Thomas Eriste ja musitseeris Kaido Kikkas. Hommikus\u00f6\u00f6gi j\u00e4rel oli pikem loeng piiskop Belmontelt, kes esines v\u00e4ga laiaulatusliku \u00fclevaatega Karismaatilise Episkopaalkiriku ajaloost ning k\u00e4sitles ka tulevikuperspektiive.<\/p>\n<p>Kuna piiskopi juhtimise alla kuulub ka Eesti koguduste k\u00e4ek\u00e4ik, on ta loomulikult huvitatud meie siinsest tegevusest, et seda paremini tundma \u00f5ppida. Viimati viibis piiskop Eestis kevadel ning tundub, et on lootust teda ka edaspidi sagedamini kohata.<\/p>\n<p>Pealel\u00f5unal oli vaba aeg ning m\u00f5ned l\u00e4ksid ujuma, teised jalutama, m\u00f5ned aga ajasid omavahel juttu. Laste m\u00e4nguplats oli p\u00fcsivalt kogu laagri ajal t\u00e4is laste r\u00f5\u00f5mutoovaid kilkeid. Ja alati leidub neid tublisid inimesi, kes suure osa ajast olid k\u00f6\u00f6gitoimkonnas ning kelle eest oleme ikka ja alati \u00fclimalt t\u00e4nulikud. Siinkohal tuleks eriti esile t\u00f5sta Regyta Eristet, kelle \u00f5lgadel oli lisaks s\u00f6\u00f6gitegemisele ka piiskopi erinevate etteastete t\u00f5lkimine (selle k\u00f5igega loomulikult suurep\u00e4raselt hakkama saades!).<\/p>\n<p>Kuid veel selle p\u00e4eva pealel\u00f5unasse mahtus \u00fcks eriline t\u00f6\u00f6haru, mida juhtis kantor Riho Kinksaar. Olles viimased kaks aastat neljap\u00e4eva\u00f5htutel osalenud Kaarli kirikus toimuva varakiriku laulu \u00f5pikodades Eerik J\u00f5ksi juhendusel, otsustas Riho oma kogemusi jagada laagrilistega meid psalme laulma pannes. See oli v\u00e4ga hea ja vaimselt arendava m\u00f5juga tund, mida Riho juhtis lihtsalt ja s\u00fcstemaatiliselt. Mulle see kogemus ja tulemus meeldis v\u00e4ga.<\/p>\n<p>\u00d5htul oli meil v\u00f5imalus koguneda laagri esimesele piiskoplikule missale. T\u00e4nu Jumalale Tema helduse eest milles me v\u00f5ime Tema j\u00e4rgijatena ammutada uut vaimutoitu nii S\u00f5nas kui ka Sakramendis. Hilis\u00f5htusel tunnil kl 23 kogunesime kirikusaalis, kus istusime vastakuti kahes reas, moodustades vesprikoori ning Riho viis l\u00e4bi selle teenistuse, toetudes nendele psalmidele ja liturgilistele tekstidele, mida olime p\u00e4eval \u00f5ppinud. Usun, et see laiendas meie iga\u00fche vaimset silmaringi.<\/p>\n<p>P\u00fchap\u00e4eva hommikul hingamisp\u00e4eva meeleolus alustasime \u00fchispalvusega ning kehakinnitamise j\u00e4rel asuti ette valmistama kirikukalendri j\u00e4rgi &#8220;12. tavalise aja&#8221;, kuid seekord erilisel p\u00fchap\u00e4eval &#8211; toimuvaks piiskoplikuks missaks, vastavalt sellele, kes millega teenis. \u00dclistusmuusikaga teenisid noored tublid muusikud Lisette, Johannes ja Joosep Mattias ning nendega \u00fchinesid Kaido ja Juhan.<\/p>\n<p>Mind on alati miskil kombel kirikulaagri viimane missa erilisel viisil puudutanud. Seekord ei olnud see tingitud vaid piiskopi sisukast jutlusest, vaid ka tema armulaual \u00f6eldud s\u00fcgava t\u00e4hendusega s\u00f5nadest. Piiskop \u00fctles kogudusele, et altar on paik, mis on \u00fcheaegselt nii Kristuse haud kui ka koht, kus meie Lunastaja on meile t\u00f5eline eluleib ja vein. Taevane leib &#8211; Kristuse ihu. Lunastuse karikas &#8211; Kristuse veri. Sellest osa saades t\u00f5useme me ise surmast ellu. See on meile m\u00e4rgilise t\u00e4hendusega talitus,, millest praegu osa v\u00f5tame. Me saame uut elu millega edasi minna Kristuse v\u00e4es. T\u00e4nu olgu Jumalale!<\/p>\n<p>Seej\u00e4rel v\u00f5isime koguneda \u00fchise laagripere pildi tegemiseks ning veel viimast korda ilusal p\u00e4ikesepaistelisel ajal l\u00f5unas\u00f6\u00f6gist osa saada. Seej\u00e4rel pakkisime autod ja ees seisis kodutee. Jumala l\u00e4hedalolu oli meid nendel p\u00e4evadel taas kinnitanud ja lahkusime r\u00f5\u00f5msas lootuses, et tahame k\u00e4ia kindlalt edaspidi Issanda teedel ja olla osa Tema Kuningriigi t\u00f6\u00f6s, iga\u00fcks nii, nagu talle on seda antud teha.<\/p>\n<p>Anno Domini 22.08.14<\/p>\n","protected":false},"excerpt":{"rendered":"<p>Vend Juhan kirjutas ka sel aastal laagrist vahva muljetuse, mis olgu n\u00fc\u00fcd ka siin \u00e4ra toodud. &#8212; Seekordne EKEK suvelaager toimus 25.-27. juulil 2014. \u00d5nneks sattus see aeg v\u00e4ga kaunitele suvep\u00e4evadele, mis olid v\u00e4ga oodatud ja sama r\u00f5\u00f5msalt vastu v\u00f5etud. Laagri asukoht oli endiselt tuttav paik k\u00f5igile, kes on varem kuulnud v\u00f5i lugenud EKEK suurest &hellip; <a href=\"https:\/\/www.ekek.ee\/?p=1084\" class=\"more-link\">Loe edasi<span class=\"screen-reader-text\"> &#8220;Laagrimuljed&#8221;<\/span><\/a><\/p>\n","protected":false},"author":9,"featured_media":0,"comment_status":"open","ping_status":"open","sticky":false,"template":"","format":"standard","meta":{"footnotes":""},"categories":[2],"tags":[7],"class_list":["post-1084","post","type-post","status-publish","format-standard","hentry","category-ekek","tag-laagrid"],"_links":{"self":[{"href":"https:\/\/www.ekek.ee\/index.php?rest_route=\/wp\/v2\/posts\/1084","targetHints":{"allow":["GET"]}}],"collection":[{"href":"https:\/\/www.ekek.ee\/index.php?rest_route=\/wp\/v2\/posts"}],"about":[{"href":"https:\/\/www.ekek.ee\/index.php?rest_route=\/wp\/v2\/types\/post"}],"author":[{"embeddable":true,"href":"https:\/\/www.ekek.ee\/index.php?rest_route=\/wp\/v2\/users\/9"}],"replies":[{"embeddable":true,"href":"https:\/\/www.ekek.ee\/index.php?rest_route=%2Fwp%2Fv2%2Fcomments&post=1084"}],"version-history":[{"count":4,"href":"https:\/\/www.ekek.ee\/index.php?rest_route=\/wp\/v2\/posts\/1084\/revisions"}],"predecessor-version":[{"id":1088,"href":"https:\/\/www.ekek.ee\/index.php?rest_route=\/wp\/v2\/posts\/1084\/revisions\/1088"}],"wp:attachment":[{"href":"https:\/\/www.ekek.ee\/index.php?rest_route=%2Fwp%2Fv2%2Fmedia&parent=1084"}],"wp:term":[{"taxonomy":"category","embeddable":true,"href":"https:\/\/www.ekek.ee\/index.php?rest_route=%2Fwp%2Fv2%2Fcategories&post=1084"},{"taxonomy":"post_tag","embeddable":true,"href":"https:\/\/www.ekek.ee\/index.php?rest_route=%2Fwp%2Fv2%2Ftags&post=1084"}],"curies":[{"name":"wp","href":"https:\/\/api.w.org\/{rel}","templated":true}]}}